
{"id":10472,"date":"2018-04-21T10:00:36","date_gmt":"2018-04-21T14:00:36","guid":{"rendered":"http:\/\/micuatro.com\/acordes\/?p=10472"},"modified":"2018-04-20T09:10:56","modified_gmt":"2018-04-20T13:10:56","slug":"viejo-capanaparo","status":"publish","type":"post","link":"https:\/\/www.micuatro.com\/acordes\/viejo-capanaparo\/","title":{"rendered":"Viejo Capanaparo"},"content":{"rendered":"","protected":false},"excerpt":{"rendered":"<p>Las compuertas de mi pecho, si de mi pecho, se abrieron un d\u00eda de invierno. Se perdi\u00f3 el arag\u00fcaney, la pica y hasta el Jag\u00fcey, aqu\u00e9l Jag\u00fcey, donde brillaba el lucero. Capanaparo, rinconcito de a\u00f1oranza la luna de tu esperanza ha perdido &#8230;<\/p>\n","protected":false},"author":1,"featured_media":3280,"comment_status":"open","ping_status":"open","sticky":false,"template":"","format":"standard","meta":{"footnotes":""},"categories":[36,28],"tags":[204],"jetpack_featured_media_url":"https:\/\/www.micuatro.com\/acordes\/wp-content\/uploads\/2016\/04\/reynaldo-armas-02.jpg","_links":{"self":[{"href":"https:\/\/www.micuatro.com\/acordes\/wp-json\/wp\/v2\/posts\/10472"}],"collection":[{"href":"https:\/\/www.micuatro.com\/acordes\/wp-json\/wp\/v2\/posts"}],"about":[{"href":"https:\/\/www.micuatro.com\/acordes\/wp-json\/wp\/v2\/types\/post"}],"author":[{"embeddable":true,"href":"https:\/\/www.micuatro.com\/acordes\/wp-json\/wp\/v2\/users\/1"}],"replies":[{"embeddable":true,"href":"https:\/\/www.micuatro.com\/acordes\/wp-json\/wp\/v2\/comments?post=10472"}],"version-history":[{"count":1,"href":"https:\/\/www.micuatro.com\/acordes\/wp-json\/wp\/v2\/posts\/10472\/revisions"}],"predecessor-version":[{"id":10473,"href":"https:\/\/www.micuatro.com\/acordes\/wp-json\/wp\/v2\/posts\/10472\/revisions\/10473"}],"wp:featuredmedia":[{"embeddable":true,"href":"https:\/\/www.micuatro.com\/acordes\/wp-json\/wp\/v2\/media\/3280"}],"wp:attachment":[{"href":"https:\/\/www.micuatro.com\/acordes\/wp-json\/wp\/v2\/media?parent=10472"}],"wp:term":[{"taxonomy":"category","embeddable":true,"href":"https:\/\/www.micuatro.com\/acordes\/wp-json\/wp\/v2\/categories?post=10472"},{"taxonomy":"post_tag","embeddable":true,"href":"https:\/\/www.micuatro.com\/acordes\/wp-json\/wp\/v2\/tags?post=10472"}],"curies":[{"name":"wp","href":"https:\/\/api.w.org\/{rel}","templated":true}]}}