
{"id":10531,"date":"2018-05-05T10:00:00","date_gmt":"2018-05-05T14:00:00","guid":{"rendered":"http:\/\/micuatro.com\/acordes\/?p=10531"},"modified":"2018-05-04T09:57:12","modified_gmt":"2018-05-04T13:57:12","slug":"caracas-mi-ciudad","status":"publish","type":"post","link":"https:\/\/www.micuatro.com\/acordes\/caracas-mi-ciudad\/","title":{"rendered":"Caracas mi ciudad"},"content":{"rendered":"","protected":false},"excerpt":{"rendered":"<p>Hace tiempo llegaste con la brisa y al ver que el \u00c1vila te regal\u00f3 su falda. Los bamb\u00faes cantaron un arruyo y con sus flautas te dieron serenatas. Y vino Eduardo Serrano amanecido con la tambora templada por San Juan. Y los Anta\u00f1os prendieron el m&#8230;<\/p>\n","protected":false},"author":1,"featured_media":316,"comment_status":"open","ping_status":"open","sticky":false,"template":"","format":"standard","meta":{"footnotes":""},"categories":[36,183],"tags":[480,1939,108],"jetpack_featured_media_url":"https:\/\/www.micuatro.com\/acordes\/wp-content\/uploads\/2016\/10\/serenata-guayanesa.jpg","_links":{"self":[{"href":"https:\/\/www.micuatro.com\/acordes\/wp-json\/wp\/v2\/posts\/10531"}],"collection":[{"href":"https:\/\/www.micuatro.com\/acordes\/wp-json\/wp\/v2\/posts"}],"about":[{"href":"https:\/\/www.micuatro.com\/acordes\/wp-json\/wp\/v2\/types\/post"}],"author":[{"embeddable":true,"href":"https:\/\/www.micuatro.com\/acordes\/wp-json\/wp\/v2\/users\/1"}],"replies":[{"embeddable":true,"href":"https:\/\/www.micuatro.com\/acordes\/wp-json\/wp\/v2\/comments?post=10531"}],"version-history":[{"count":2,"href":"https:\/\/www.micuatro.com\/acordes\/wp-json\/wp\/v2\/posts\/10531\/revisions"}],"predecessor-version":[{"id":10536,"href":"https:\/\/www.micuatro.com\/acordes\/wp-json\/wp\/v2\/posts\/10531\/revisions\/10536"}],"wp:featuredmedia":[{"embeddable":true,"href":"https:\/\/www.micuatro.com\/acordes\/wp-json\/wp\/v2\/media\/316"}],"wp:attachment":[{"href":"https:\/\/www.micuatro.com\/acordes\/wp-json\/wp\/v2\/media?parent=10531"}],"wp:term":[{"taxonomy":"category","embeddable":true,"href":"https:\/\/www.micuatro.com\/acordes\/wp-json\/wp\/v2\/categories?post=10531"},{"taxonomy":"post_tag","embeddable":true,"href":"https:\/\/www.micuatro.com\/acordes\/wp-json\/wp\/v2\/tags?post=10531"}],"curies":[{"name":"wp","href":"https:\/\/api.w.org\/{rel}","templated":true}]}}