
{"id":1058,"date":"2016-04-30T12:28:31","date_gmt":"2016-04-30T12:28:31","guid":{"rendered":"http:\/\/micuatro.com\/acordes\/?p=1058"},"modified":"2017-06-16T13:29:08","modified_gmt":"2017-06-16T17:29:08","slug":"violetas-imperiales","status":"publish","type":"post","link":"https:\/\/www.micuatro.com\/acordes\/violetas-imperiales\/","title":{"rendered":"Violetas Imperiales"},"content":{"rendered":"","protected":false},"excerpt":{"rendered":"<p>Sabes que ya no habr\u00e1 primavera, si tu no est\u00e1s aqu\u00ed violetera. La primavera ha venido y yo s\u00e9 por qu\u00e9 ha sido, Entre las flores que ofreces es como una flor. Piensa que en esta corte francesa, Eres m\u00e1s que gitana, princesa&#8230; mi Violeta de Es&#8230;<\/p>\n","protected":false},"author":7,"featured_media":1806,"comment_status":"open","ping_status":"open","sticky":false,"template":"","format":"standard","meta":{"footnotes":""},"categories":[61,28],"tags":[393,144],"jetpack_featured_media_url":"https:\/\/www.micuatro.com\/acordes\/wp-content\/uploads\/2012\/12\/Freddy-Salcedo.jpg","_links":{"self":[{"href":"https:\/\/www.micuatro.com\/acordes\/wp-json\/wp\/v2\/posts\/1058"}],"collection":[{"href":"https:\/\/www.micuatro.com\/acordes\/wp-json\/wp\/v2\/posts"}],"about":[{"href":"https:\/\/www.micuatro.com\/acordes\/wp-json\/wp\/v2\/types\/post"}],"author":[{"embeddable":true,"href":"https:\/\/www.micuatro.com\/acordes\/wp-json\/wp\/v2\/users\/7"}],"replies":[{"embeddable":true,"href":"https:\/\/www.micuatro.com\/acordes\/wp-json\/wp\/v2\/comments?post=1058"}],"version-history":[{"count":1,"href":"https:\/\/www.micuatro.com\/acordes\/wp-json\/wp\/v2\/posts\/1058\/revisions"}],"predecessor-version":[{"id":1059,"href":"https:\/\/www.micuatro.com\/acordes\/wp-json\/wp\/v2\/posts\/1058\/revisions\/1059"}],"wp:featuredmedia":[{"embeddable":true,"href":"https:\/\/www.micuatro.com\/acordes\/wp-json\/wp\/v2\/media\/1806"}],"wp:attachment":[{"href":"https:\/\/www.micuatro.com\/acordes\/wp-json\/wp\/v2\/media?parent=1058"}],"wp:term":[{"taxonomy":"category","embeddable":true,"href":"https:\/\/www.micuatro.com\/acordes\/wp-json\/wp\/v2\/categories?post=1058"},{"taxonomy":"post_tag","embeddable":true,"href":"https:\/\/www.micuatro.com\/acordes\/wp-json\/wp\/v2\/tags?post=1058"}],"curies":[{"name":"wp","href":"https:\/\/api.w.org\/{rel}","templated":true}]}}