
{"id":11386,"date":"2019-05-22T16:32:38","date_gmt":"2019-05-22T20:32:38","guid":{"rendered":"http:\/\/www.micuatro.com\/acordes\/?p=11386"},"modified":"2019-05-23T09:02:07","modified_gmt":"2019-05-23T13:02:07","slug":"granada","status":"publish","type":"post","link":"https:\/\/www.micuatro.com\/acordes\/granada\/","title":{"rendered":"Granada"},"content":{"rendered":"","protected":false},"excerpt":{"rendered":"<p>Granada&#8230;tierra so\u00f1ada por mi, mi cantar se vuelve gitano Cuando es para ti, mi cantar hecho de fantas\u00eda Mi cantar, flor de melancol\u00edas que yo te vengo a dar. Granada, tierra ensangrentada en tardes de toros Mujer que conserva el embrujo de &#8230;<\/p>\n","protected":false},"author":7,"featured_media":11389,"comment_status":"open","ping_status":"open","sticky":false,"template":"","format":"standard","meta":{"footnotes":""},"categories":[61,183],"tags":[474,869],"jetpack_featured_media_url":"https:\/\/www.micuatro.com\/acordes\/wp-content\/uploads\/2019\/05\/Eleazar-Agudo-Agust\u00edn-Lara.png","_links":{"self":[{"href":"https:\/\/www.micuatro.com\/acordes\/wp-json\/wp\/v2\/posts\/11386"}],"collection":[{"href":"https:\/\/www.micuatro.com\/acordes\/wp-json\/wp\/v2\/posts"}],"about":[{"href":"https:\/\/www.micuatro.com\/acordes\/wp-json\/wp\/v2\/types\/post"}],"author":[{"embeddable":true,"href":"https:\/\/www.micuatro.com\/acordes\/wp-json\/wp\/v2\/users\/7"}],"replies":[{"embeddable":true,"href":"https:\/\/www.micuatro.com\/acordes\/wp-json\/wp\/v2\/comments?post=11386"}],"version-history":[{"count":3,"href":"https:\/\/www.micuatro.com\/acordes\/wp-json\/wp\/v2\/posts\/11386\/revisions"}],"predecessor-version":[{"id":11391,"href":"https:\/\/www.micuatro.com\/acordes\/wp-json\/wp\/v2\/posts\/11386\/revisions\/11391"}],"wp:featuredmedia":[{"embeddable":true,"href":"https:\/\/www.micuatro.com\/acordes\/wp-json\/wp\/v2\/media\/11389"}],"wp:attachment":[{"href":"https:\/\/www.micuatro.com\/acordes\/wp-json\/wp\/v2\/media?parent=11386"}],"wp:term":[{"taxonomy":"category","embeddable":true,"href":"https:\/\/www.micuatro.com\/acordes\/wp-json\/wp\/v2\/categories?post=11386"},{"taxonomy":"post_tag","embeddable":true,"href":"https:\/\/www.micuatro.com\/acordes\/wp-json\/wp\/v2\/tags?post=11386"}],"curies":[{"name":"wp","href":"https:\/\/api.w.org\/{rel}","templated":true}]}}