
{"id":1164,"date":"2013-10-30T21:14:12","date_gmt":"2013-10-30T21:14:12","guid":{"rendered":"http:\/\/micuatro.com\/acordes\/?p=1164"},"modified":"2017-06-28T10:48:35","modified_gmt":"2017-06-28T14:48:35","slug":"presenteme-esa-muchacha","status":"publish","type":"post","link":"https:\/\/www.micuatro.com\/acordes\/presenteme-esa-muchacha\/","title":{"rendered":"Pres\u00e9nteme esa muchacha"},"content":{"rendered":"","protected":false},"excerpt":{"rendered":"<p>Camarita, camarita, camar\u00e1, pres\u00e9nteme esa muchacha que yo soy de los que tienen camar\u00e1, silencio en las apargatas. Yo me le voy bajitico, como la sombra en las matas porque soy un caballero, que no comete una falta y que soy respetuoso, sobre to&#8230;<\/p>\n","protected":false},"author":7,"featured_media":277,"comment_status":"open","ping_status":"open","sticky":false,"template":"","format":"standard","meta":{"footnotes":""},"categories":[61,40],"tags":[6],"jetpack_featured_media_url":"https:\/\/www.micuatro.com\/acordes\/wp-content\/uploads\/2010\/05\/simon-diaz-b.jpg","_links":{"self":[{"href":"https:\/\/www.micuatro.com\/acordes\/wp-json\/wp\/v2\/posts\/1164"}],"collection":[{"href":"https:\/\/www.micuatro.com\/acordes\/wp-json\/wp\/v2\/posts"}],"about":[{"href":"https:\/\/www.micuatro.com\/acordes\/wp-json\/wp\/v2\/types\/post"}],"author":[{"embeddable":true,"href":"https:\/\/www.micuatro.com\/acordes\/wp-json\/wp\/v2\/users\/7"}],"replies":[{"embeddable":true,"href":"https:\/\/www.micuatro.com\/acordes\/wp-json\/wp\/v2\/comments?post=1164"}],"version-history":[{"count":5,"href":"https:\/\/www.micuatro.com\/acordes\/wp-json\/wp\/v2\/posts\/1164\/revisions"}],"predecessor-version":[{"id":8454,"href":"https:\/\/www.micuatro.com\/acordes\/wp-json\/wp\/v2\/posts\/1164\/revisions\/8454"}],"wp:featuredmedia":[{"embeddable":true,"href":"https:\/\/www.micuatro.com\/acordes\/wp-json\/wp\/v2\/media\/277"}],"wp:attachment":[{"href":"https:\/\/www.micuatro.com\/acordes\/wp-json\/wp\/v2\/media?parent=1164"}],"wp:term":[{"taxonomy":"category","embeddable":true,"href":"https:\/\/www.micuatro.com\/acordes\/wp-json\/wp\/v2\/categories?post=1164"},{"taxonomy":"post_tag","embeddable":true,"href":"https:\/\/www.micuatro.com\/acordes\/wp-json\/wp\/v2\/tags?post=1164"}],"curies":[{"name":"wp","href":"https:\/\/api.w.org\/{rel}","templated":true}]}}