
{"id":11712,"date":"2019-10-14T10:00:27","date_gmt":"2019-10-14T14:00:27","guid":{"rendered":"http:\/\/www.micuatro.com\/acordes\/?p=11712"},"modified":"2019-10-18T12:23:29","modified_gmt":"2019-10-18T16:23:29","slug":"no-me-recoja-el-envase","status":"publish","type":"post","link":"https:\/\/www.micuatro.com\/acordes\/no-me-recoja-el-envase\/","title":{"rendered":"No me recoja el envase"},"content":{"rendered":"","protected":false},"excerpt":{"rendered":"<p>Deje el af\u00e1n cantinero, no me recoja el envase. D\u00e9jeme la mesa llena que todo mundo que pase vean a un llanero tomando por lo que un cari\u00f1o le hace. Yo digo una de las cosas y no es porque est\u00e9 bebiendo, entre m\u00e1s pido m\u00e1s tomo, entre m\u00e1s tomo&#8230;<\/p>\n","protected":false},"author":7,"featured_media":2146,"comment_status":"open","ping_status":"open","sticky":false,"template":"","format":"standard","meta":{"footnotes":""},"categories":[28],"tags":[691],"jetpack_featured_media_url":"https:\/\/www.micuatro.com\/acordes\/wp-content\/uploads\/2016\/09\/walter-silva.jpg","_links":{"self":[{"href":"https:\/\/www.micuatro.com\/acordes\/wp-json\/wp\/v2\/posts\/11712"}],"collection":[{"href":"https:\/\/www.micuatro.com\/acordes\/wp-json\/wp\/v2\/posts"}],"about":[{"href":"https:\/\/www.micuatro.com\/acordes\/wp-json\/wp\/v2\/types\/post"}],"author":[{"embeddable":true,"href":"https:\/\/www.micuatro.com\/acordes\/wp-json\/wp\/v2\/users\/7"}],"replies":[{"embeddable":true,"href":"https:\/\/www.micuatro.com\/acordes\/wp-json\/wp\/v2\/comments?post=11712"}],"version-history":[{"count":3,"href":"https:\/\/www.micuatro.com\/acordes\/wp-json\/wp\/v2\/posts\/11712\/revisions"}],"predecessor-version":[{"id":11738,"href":"https:\/\/www.micuatro.com\/acordes\/wp-json\/wp\/v2\/posts\/11712\/revisions\/11738"}],"wp:featuredmedia":[{"embeddable":true,"href":"https:\/\/www.micuatro.com\/acordes\/wp-json\/wp\/v2\/media\/2146"}],"wp:attachment":[{"href":"https:\/\/www.micuatro.com\/acordes\/wp-json\/wp\/v2\/media?parent=11712"}],"wp:term":[{"taxonomy":"category","embeddable":true,"href":"https:\/\/www.micuatro.com\/acordes\/wp-json\/wp\/v2\/categories?post=11712"},{"taxonomy":"post_tag","embeddable":true,"href":"https:\/\/www.micuatro.com\/acordes\/wp-json\/wp\/v2\/tags?post=11712"}],"curies":[{"name":"wp","href":"https:\/\/api.w.org\/{rel}","templated":true}]}}