
{"id":1675,"date":"2016-05-02T00:39:20","date_gmt":"2016-05-02T00:39:20","guid":{"rendered":"http:\/\/micuatro.com\/acordes\/?p=1675"},"modified":"2016-11-02T12:48:43","modified_gmt":"2016-11-02T12:48:43","slug":"parranda-en-el-cafetal","status":"publish","type":"post","link":"https:\/\/www.micuatro.com\/acordes\/parranda-en-el-cafetal\/","title":{"rendered":"Parranda en el cafetal"},"content":{"rendered":"","protected":false},"excerpt":{"rendered":"<p>Aqu\u00ed traigo la guitarra y un acorde\u00f3n porque estoy m\u00e1s bien, lo voy es a festejar ella piensa que me va a matar el dolor se equivoca porque voy es a parrandear. Que suene bien esa caja dame sabor que sepan que aqu\u00ed hay parranda en el cafetal que &#8230;<\/p>\n","protected":false},"author":10,"featured_media":1804,"comment_status":"open","ping_status":"open","sticky":false,"template":"","format":"standard","meta":{"footnotes":""},"categories":[501,623],"tags":[325],"jetpack_featured_media_url":"https:\/\/www.micuatro.com\/acordes\/wp-content\/uploads\/2016\/05\/jorge-celed\u00f3n.jpg","_links":{"self":[{"href":"https:\/\/www.micuatro.com\/acordes\/wp-json\/wp\/v2\/posts\/1675"}],"collection":[{"href":"https:\/\/www.micuatro.com\/acordes\/wp-json\/wp\/v2\/posts"}],"about":[{"href":"https:\/\/www.micuatro.com\/acordes\/wp-json\/wp\/v2\/types\/post"}],"author":[{"embeddable":true,"href":"https:\/\/www.micuatro.com\/acordes\/wp-json\/wp\/v2\/users\/10"}],"replies":[{"embeddable":true,"href":"https:\/\/www.micuatro.com\/acordes\/wp-json\/wp\/v2\/comments?post=1675"}],"version-history":[{"count":2,"href":"https:\/\/www.micuatro.com\/acordes\/wp-json\/wp\/v2\/posts\/1675\/revisions"}],"predecessor-version":[{"id":6143,"href":"https:\/\/www.micuatro.com\/acordes\/wp-json\/wp\/v2\/posts\/1675\/revisions\/6143"}],"wp:featuredmedia":[{"embeddable":true,"href":"https:\/\/www.micuatro.com\/acordes\/wp-json\/wp\/v2\/media\/1804"}],"wp:attachment":[{"href":"https:\/\/www.micuatro.com\/acordes\/wp-json\/wp\/v2\/media?parent=1675"}],"wp:term":[{"taxonomy":"category","embeddable":true,"href":"https:\/\/www.micuatro.com\/acordes\/wp-json\/wp\/v2\/categories?post=1675"},{"taxonomy":"post_tag","embeddable":true,"href":"https:\/\/www.micuatro.com\/acordes\/wp-json\/wp\/v2\/tags?post=1675"}],"curies":[{"name":"wp","href":"https:\/\/api.w.org\/{rel}","templated":true}]}}