
{"id":3700,"date":"2011-11-13T15:47:38","date_gmt":"2011-11-13T19:47:38","guid":{"rendered":"http:\/\/micuatro.com\/acordes\/?p=3700"},"modified":"2020-01-23T10:29:13","modified_gmt":"2020-01-23T14:29:13","slug":"suenos-de-una-nina-grande","status":"publish","type":"post","link":"https:\/\/www.micuatro.com\/acordes\/suenos-de-una-nina-grande\/","title":{"rendered":"Sue\u00f1o de una ni\u00f1a grande"},"content":{"rendered":"","protected":false},"excerpt":{"rendered":"<p>Cabecita que sue\u00f1a lino y almohada, mi criatura risue\u00f1a cuentos de hadas. D\u00e9jame que te duerma mi carricito con cuentos de Do\u00f1ana y Maria Mo\u00f1itos. Hoy hay fiesta en el bosque como a las nueve, se casa la hormiguita con Rat\u00f3n P\u00e9rez. Lara, lara&#8230;<\/p>\n","protected":false},"author":7,"featured_media":279,"comment_status":"open","ping_status":"open","sticky":false,"template":"","format":"standard","meta":{"footnotes":""},"categories":[61,88],"tags":[89,2451,1616,32],"jetpack_featured_media_url":"https:\/\/www.micuatro.com\/acordes\/wp-content\/uploads\/2010\/10\/maria-teresa-chacin-y-aldemaro-romero-b.jpg","_links":{"self":[{"href":"https:\/\/www.micuatro.com\/acordes\/wp-json\/wp\/v2\/posts\/3700"}],"collection":[{"href":"https:\/\/www.micuatro.com\/acordes\/wp-json\/wp\/v2\/posts"}],"about":[{"href":"https:\/\/www.micuatro.com\/acordes\/wp-json\/wp\/v2\/types\/post"}],"author":[{"embeddable":true,"href":"https:\/\/www.micuatro.com\/acordes\/wp-json\/wp\/v2\/users\/7"}],"replies":[{"embeddable":true,"href":"https:\/\/www.micuatro.com\/acordes\/wp-json\/wp\/v2\/comments?post=3700"}],"version-history":[{"count":6,"href":"https:\/\/www.micuatro.com\/acordes\/wp-json\/wp\/v2\/posts\/3700\/revisions"}],"predecessor-version":[{"id":8460,"href":"https:\/\/www.micuatro.com\/acordes\/wp-json\/wp\/v2\/posts\/3700\/revisions\/8460"}],"wp:featuredmedia":[{"embeddable":true,"href":"https:\/\/www.micuatro.com\/acordes\/wp-json\/wp\/v2\/media\/279"}],"wp:attachment":[{"href":"https:\/\/www.micuatro.com\/acordes\/wp-json\/wp\/v2\/media?parent=3700"}],"wp:term":[{"taxonomy":"category","embeddable":true,"href":"https:\/\/www.micuatro.com\/acordes\/wp-json\/wp\/v2\/categories?post=3700"},{"taxonomy":"post_tag","embeddable":true,"href":"https:\/\/www.micuatro.com\/acordes\/wp-json\/wp\/v2\/tags?post=3700"}],"curies":[{"name":"wp","href":"https:\/\/api.w.org\/{rel}","templated":true}]}}