
{"id":5231,"date":"2012-12-23T12:51:43","date_gmt":"2012-12-23T16:51:43","guid":{"rendered":"http:\/\/micuatro.com\/acordes\/?p=5231"},"modified":"2017-07-28T01:00:00","modified_gmt":"2017-07-28T05:00:00","slug":"el-clavel-celoso","status":"publish","type":"post","link":"https:\/\/www.micuatro.com\/acordes\/el-clavel-celoso\/","title":{"rendered":"El clavel celoso"},"content":{"rendered":"","protected":false},"excerpt":{"rendered":"<p>Por las ma\u00f1anitas voy a mi jard\u00edn a cortar las flores para un querub\u00edn Gladiola y Violeta, Lirio y Tulip\u00e1n para el ni\u00f1o bello que est\u00e1 en el portal La bella Gladiola con su majestad se muestra conqueta con el Tulip\u00e1n el Clavel celoso al Lirio &#8230;<\/p>\n","protected":false},"author":1,"featured_media":3121,"comment_status":"open","ping_status":"open","sticky":false,"template":"","format":"standard","meta":{"footnotes":""},"categories":[84,36],"tags":[811,1490],"jetpack_featured_media_url":"https:\/\/www.micuatro.com\/acordes\/wp-content\/uploads\/2016\/11\/los-tucusitos.jpg","_links":{"self":[{"href":"https:\/\/www.micuatro.com\/acordes\/wp-json\/wp\/v2\/posts\/5231"}],"collection":[{"href":"https:\/\/www.micuatro.com\/acordes\/wp-json\/wp\/v2\/posts"}],"about":[{"href":"https:\/\/www.micuatro.com\/acordes\/wp-json\/wp\/v2\/types\/post"}],"author":[{"embeddable":true,"href":"https:\/\/www.micuatro.com\/acordes\/wp-json\/wp\/v2\/users\/1"}],"replies":[{"embeddable":true,"href":"https:\/\/www.micuatro.com\/acordes\/wp-json\/wp\/v2\/comments?post=5231"}],"version-history":[{"count":2,"href":"https:\/\/www.micuatro.com\/acordes\/wp-json\/wp\/v2\/posts\/5231\/revisions"}],"predecessor-version":[{"id":9064,"href":"https:\/\/www.micuatro.com\/acordes\/wp-json\/wp\/v2\/posts\/5231\/revisions\/9064"}],"wp:featuredmedia":[{"embeddable":true,"href":"https:\/\/www.micuatro.com\/acordes\/wp-json\/wp\/v2\/media\/3121"}],"wp:attachment":[{"href":"https:\/\/www.micuatro.com\/acordes\/wp-json\/wp\/v2\/media?parent=5231"}],"wp:term":[{"taxonomy":"category","embeddable":true,"href":"https:\/\/www.micuatro.com\/acordes\/wp-json\/wp\/v2\/categories?post=5231"},{"taxonomy":"post_tag","embeddable":true,"href":"https:\/\/www.micuatro.com\/acordes\/wp-json\/wp\/v2\/tags?post=5231"}],"curies":[{"name":"wp","href":"https:\/\/api.w.org\/{rel}","templated":true}]}}