
{"id":6036,"date":"2016-06-27T16:48:24","date_gmt":"2016-06-27T20:48:24","guid":{"rendered":"http:\/\/micuatro.com\/acordes\/?p=6036"},"modified":"2017-06-16T13:28:41","modified_gmt":"2017-06-16T17:28:41","slug":"esta-manana-la-vi","status":"publish","type":"post","link":"https:\/\/www.micuatro.com\/acordes\/esta-manana-la-vi\/","title":{"rendered":"Esta ma\u00f1ana la vi"},"content":{"rendered":"","protected":false},"excerpt":{"rendered":"<p>Las rosas y los claveles me vienen a convidar Para que vaya con ellas a los campos a pasear. Para que vaya con ellas a los campos a pasear. Esta ma\u00f1ana la vi, ahora la volv\u00ed a ver Estaba regando las matas y me regal\u00f3 un clavel Y se despidi\u00f3 l&#8230;<\/p>\n","protected":false},"author":7,"featured_media":4695,"comment_status":"open","ping_status":"open","sticky":false,"template":"","format":"standard","meta":{"footnotes":""},"categories":[61,291],"tags":[1862,1683],"jetpack_featured_media_url":"https:\/\/www.micuatro.com\/acordes\/wp-content\/uploads\/2016\/10\/rafael-pio-alvarado.jpg","_links":{"self":[{"href":"https:\/\/www.micuatro.com\/acordes\/wp-json\/wp\/v2\/posts\/6036"}],"collection":[{"href":"https:\/\/www.micuatro.com\/acordes\/wp-json\/wp\/v2\/posts"}],"about":[{"href":"https:\/\/www.micuatro.com\/acordes\/wp-json\/wp\/v2\/types\/post"}],"author":[{"embeddable":true,"href":"https:\/\/www.micuatro.com\/acordes\/wp-json\/wp\/v2\/users\/7"}],"replies":[{"embeddable":true,"href":"https:\/\/www.micuatro.com\/acordes\/wp-json\/wp\/v2\/comments?post=6036"}],"version-history":[{"count":1,"href":"https:\/\/www.micuatro.com\/acordes\/wp-json\/wp\/v2\/posts\/6036\/revisions"}],"predecessor-version":[{"id":6037,"href":"https:\/\/www.micuatro.com\/acordes\/wp-json\/wp\/v2\/posts\/6036\/revisions\/6037"}],"wp:featuredmedia":[{"embeddable":true,"href":"https:\/\/www.micuatro.com\/acordes\/wp-json\/wp\/v2\/media\/4695"}],"wp:attachment":[{"href":"https:\/\/www.micuatro.com\/acordes\/wp-json\/wp\/v2\/media?parent=6036"}],"wp:term":[{"taxonomy":"category","embeddable":true,"href":"https:\/\/www.micuatro.com\/acordes\/wp-json\/wp\/v2\/categories?post=6036"},{"taxonomy":"post_tag","embeddable":true,"href":"https:\/\/www.micuatro.com\/acordes\/wp-json\/wp\/v2\/tags?post=6036"}],"curies":[{"name":"wp","href":"https:\/\/api.w.org\/{rel}","templated":true}]}}