
{"id":6072,"date":"2012-12-27T19:48:06","date_gmt":"2012-12-27T23:48:06","guid":{"rendered":"http:\/\/micuatro.com\/acordes\/?p=6072"},"modified":"2017-01-18T15:55:05","modified_gmt":"2017-01-18T19:55:05","slug":"el-romantico-llanero","status":"publish","type":"post","link":"https:\/\/www.micuatro.com\/acordes\/el-romantico-llanero\/","title":{"rendered":"El rom\u00e1ntico llanero"},"content":{"rendered":"","protected":false},"excerpt":{"rendered":"<p>Dicen que soy el rom\u00e1ntico llanero Nacido y criado en el suelo de esta tierra de Sim\u00f3n, Les dejo aqu\u00ed esta canci\u00f3n para todita mi gente, ya que son la real corriente de mi noble inspiraci\u00f3n. Que me gaste un coraz\u00f3n que no me cabe en el pecho, Por&#8230;<\/p>\n","protected":false},"author":12,"featured_media":2889,"comment_status":"open","ping_status":"open","sticky":false,"template":"","format":"standard","meta":{"footnotes":""},"categories":[40,1303],"tags":[318],"jetpack_featured_media_url":"https:\/\/www.micuatro.com\/acordes\/wp-content\/uploads\/2016\/11\/ignacio-rondon.jpg","_links":{"self":[{"href":"https:\/\/www.micuatro.com\/acordes\/wp-json\/wp\/v2\/posts\/6072"}],"collection":[{"href":"https:\/\/www.micuatro.com\/acordes\/wp-json\/wp\/v2\/posts"}],"about":[{"href":"https:\/\/www.micuatro.com\/acordes\/wp-json\/wp\/v2\/types\/post"}],"author":[{"embeddable":true,"href":"https:\/\/www.micuatro.com\/acordes\/wp-json\/wp\/v2\/users\/12"}],"replies":[{"embeddable":true,"href":"https:\/\/www.micuatro.com\/acordes\/wp-json\/wp\/v2\/comments?post=6072"}],"version-history":[{"count":1,"href":"https:\/\/www.micuatro.com\/acordes\/wp-json\/wp\/v2\/posts\/6072\/revisions"}],"predecessor-version":[{"id":6073,"href":"https:\/\/www.micuatro.com\/acordes\/wp-json\/wp\/v2\/posts\/6072\/revisions\/6073"}],"wp:featuredmedia":[{"embeddable":true,"href":"https:\/\/www.micuatro.com\/acordes\/wp-json\/wp\/v2\/media\/2889"}],"wp:attachment":[{"href":"https:\/\/www.micuatro.com\/acordes\/wp-json\/wp\/v2\/media?parent=6072"}],"wp:term":[{"taxonomy":"category","embeddable":true,"href":"https:\/\/www.micuatro.com\/acordes\/wp-json\/wp\/v2\/categories?post=6072"},{"taxonomy":"post_tag","embeddable":true,"href":"https:\/\/www.micuatro.com\/acordes\/wp-json\/wp\/v2\/tags?post=6072"}],"curies":[{"name":"wp","href":"https:\/\/api.w.org\/{rel}","templated":true}]}}