
{"id":6245,"date":"2013-03-29T05:43:21","date_gmt":"2013-03-29T09:43:21","guid":{"rendered":"http:\/\/micuatro.com\/acordes\/?p=6245"},"modified":"2017-08-01T19:41:40","modified_gmt":"2017-08-01T23:41:40","slug":"corazonada","status":"publish","type":"post","link":"https:\/\/www.micuatro.com\/acordes\/corazonada\/","title":{"rendered":"Corazonada"},"content":{"rendered":"","protected":false},"excerpt":{"rendered":"<p>Hoy te quiero m\u00e1s que ayer, pero menos que ma\u00f1ana Y as\u00ed va a ser para siempre, por cada d\u00eda con m\u00e1s ganas. Hoy te quiero dedicar en el pie de tu ventana Aquella canci\u00f3n bonita que te alegra, que te agrada La misma que te cante cuando, yo te ena&#8230;<\/p>\n","protected":false},"author":7,"featured_media":6116,"comment_status":"open","ping_status":"open","sticky":false,"template":"","format":"standard","meta":{"footnotes":""},"categories":[61,40],"tags":[49],"jetpack_featured_media_url":"https:\/\/www.micuatro.com\/acordes\/wp-content\/uploads\/2013\/06\/teo-galindez.jpg","_links":{"self":[{"href":"https:\/\/www.micuatro.com\/acordes\/wp-json\/wp\/v2\/posts\/6245"}],"collection":[{"href":"https:\/\/www.micuatro.com\/acordes\/wp-json\/wp\/v2\/posts"}],"about":[{"href":"https:\/\/www.micuatro.com\/acordes\/wp-json\/wp\/v2\/types\/post"}],"author":[{"embeddable":true,"href":"https:\/\/www.micuatro.com\/acordes\/wp-json\/wp\/v2\/users\/7"}],"replies":[{"embeddable":true,"href":"https:\/\/www.micuatro.com\/acordes\/wp-json\/wp\/v2\/comments?post=6245"}],"version-history":[{"count":2,"href":"https:\/\/www.micuatro.com\/acordes\/wp-json\/wp\/v2\/posts\/6245\/revisions"}],"predecessor-version":[{"id":9320,"href":"https:\/\/www.micuatro.com\/acordes\/wp-json\/wp\/v2\/posts\/6245\/revisions\/9320"}],"wp:featuredmedia":[{"embeddable":true,"href":"https:\/\/www.micuatro.com\/acordes\/wp-json\/wp\/v2\/media\/6116"}],"wp:attachment":[{"href":"https:\/\/www.micuatro.com\/acordes\/wp-json\/wp\/v2\/media?parent=6245"}],"wp:term":[{"taxonomy":"category","embeddable":true,"href":"https:\/\/www.micuatro.com\/acordes\/wp-json\/wp\/v2\/categories?post=6245"},{"taxonomy":"post_tag","embeddable":true,"href":"https:\/\/www.micuatro.com\/acordes\/wp-json\/wp\/v2\/tags?post=6245"}],"curies":[{"name":"wp","href":"https:\/\/api.w.org\/{rel}","templated":true}]}}