
{"id":6281,"date":"2012-12-29T20:06:15","date_gmt":"2012-12-30T00:06:15","guid":{"rendered":"http:\/\/micuatro.com\/acordes\/?p=6281"},"modified":"2017-01-18T16:21:36","modified_gmt":"2017-01-18T20:21:36","slug":"la-ultima-foto","status":"publish","type":"post","link":"https:\/\/www.micuatro.com\/acordes\/la-ultima-foto\/","title":{"rendered":"La \u00faltima foto"},"content":{"rendered":"","protected":false},"excerpt":{"rendered":"<p>La ultima fotograf\u00eda que me quedaba de ti Ayer con melancol\u00eda y con rabia la romp\u00ed. Eso si antes de romperla miles de besos le di Y deje un charco en la tierra con el llanto que vert\u00ed, Y despu\u00e9s que la espisille la zumbe al agua y me fui. Fue &#8230;<\/p>\n","protected":false},"author":17,"featured_media":2489,"comment_status":"open","ping_status":"open","sticky":false,"template":"","format":"standard","meta":{"footnotes":""},"categories":[1070,28],"tags":[256],"jetpack_featured_media_url":"https:\/\/www.micuatro.com\/acordes\/wp-content\/uploads\/2016\/11\/jorge-guerrero.jpg","_links":{"self":[{"href":"https:\/\/www.micuatro.com\/acordes\/wp-json\/wp\/v2\/posts\/6281"}],"collection":[{"href":"https:\/\/www.micuatro.com\/acordes\/wp-json\/wp\/v2\/posts"}],"about":[{"href":"https:\/\/www.micuatro.com\/acordes\/wp-json\/wp\/v2\/types\/post"}],"author":[{"embeddable":true,"href":"https:\/\/www.micuatro.com\/acordes\/wp-json\/wp\/v2\/users\/17"}],"replies":[{"embeddable":true,"href":"https:\/\/www.micuatro.com\/acordes\/wp-json\/wp\/v2\/comments?post=6281"}],"version-history":[{"count":1,"href":"https:\/\/www.micuatro.com\/acordes\/wp-json\/wp\/v2\/posts\/6281\/revisions"}],"predecessor-version":[{"id":6282,"href":"https:\/\/www.micuatro.com\/acordes\/wp-json\/wp\/v2\/posts\/6281\/revisions\/6282"}],"wp:featuredmedia":[{"embeddable":true,"href":"https:\/\/www.micuatro.com\/acordes\/wp-json\/wp\/v2\/media\/2489"}],"wp:attachment":[{"href":"https:\/\/www.micuatro.com\/acordes\/wp-json\/wp\/v2\/media?parent=6281"}],"wp:term":[{"taxonomy":"category","embeddable":true,"href":"https:\/\/www.micuatro.com\/acordes\/wp-json\/wp\/v2\/categories?post=6281"},{"taxonomy":"post_tag","embeddable":true,"href":"https:\/\/www.micuatro.com\/acordes\/wp-json\/wp\/v2\/tags?post=6281"}],"curies":[{"name":"wp","href":"https:\/\/api.w.org\/{rel}","templated":true}]}}