
{"id":6894,"date":"2016-12-24T16:32:15","date_gmt":"2016-12-24T20:32:15","guid":{"rendered":"http:\/\/micuatro.com\/acordes\/?p=6894"},"modified":"2016-12-24T16:32:15","modified_gmt":"2016-12-24T20:32:15","slug":"falconero","status":"publish","type":"post","link":"https:\/\/www.micuatro.com\/acordes\/falconero\/","title":{"rendered":"Falconero"},"content":{"rendered":"","protected":false},"excerpt":{"rendered":"<p>Falconero, falconero, se me fu\u00e9 mi compa\u00f1ero Falconero, falconero, se me fu\u00e9 mi compa\u00f1ero Mi compa\u00f1ero de lanze cuando voy por la laguna, cuando las noches de luna me cuidaba mi romance falconero, falconero que para mi fue un lucero &#8230;<\/p>\n","protected":false},"author":1,"featured_media":277,"comment_status":"open","ping_status":"open","sticky":false,"template":"","format":"standard","meta":{"footnotes":""},"categories":[36,28],"tags":[6],"jetpack_featured_media_url":"https:\/\/www.micuatro.com\/acordes\/wp-content\/uploads\/2010\/05\/simon-diaz-b.jpg","_links":{"self":[{"href":"https:\/\/www.micuatro.com\/acordes\/wp-json\/wp\/v2\/posts\/6894"}],"collection":[{"href":"https:\/\/www.micuatro.com\/acordes\/wp-json\/wp\/v2\/posts"}],"about":[{"href":"https:\/\/www.micuatro.com\/acordes\/wp-json\/wp\/v2\/types\/post"}],"author":[{"embeddable":true,"href":"https:\/\/www.micuatro.com\/acordes\/wp-json\/wp\/v2\/users\/1"}],"replies":[{"embeddable":true,"href":"https:\/\/www.micuatro.com\/acordes\/wp-json\/wp\/v2\/comments?post=6894"}],"version-history":[{"count":1,"href":"https:\/\/www.micuatro.com\/acordes\/wp-json\/wp\/v2\/posts\/6894\/revisions"}],"predecessor-version":[{"id":6895,"href":"https:\/\/www.micuatro.com\/acordes\/wp-json\/wp\/v2\/posts\/6894\/revisions\/6895"}],"wp:featuredmedia":[{"embeddable":true,"href":"https:\/\/www.micuatro.com\/acordes\/wp-json\/wp\/v2\/media\/277"}],"wp:attachment":[{"href":"https:\/\/www.micuatro.com\/acordes\/wp-json\/wp\/v2\/media?parent=6894"}],"wp:term":[{"taxonomy":"category","embeddable":true,"href":"https:\/\/www.micuatro.com\/acordes\/wp-json\/wp\/v2\/categories?post=6894"},{"taxonomy":"post_tag","embeddable":true,"href":"https:\/\/www.micuatro.com\/acordes\/wp-json\/wp\/v2\/tags?post=6894"}],"curies":[{"name":"wp","href":"https:\/\/api.w.org\/{rel}","templated":true}]}}